{"id":1605,"date":"2026-02-09T02:01:35","date_gmt":"2026-02-09T02:01:35","guid":{"rendered":"https:\/\/poconevip.com.br\/noticia\/?p=1605"},"modified":"2026-02-18T15:12:28","modified_gmt":"2026-02-18T15:12:28","slug":"pocone245anos","status":"publish","type":"post","link":"https:\/\/poconevip.com.br\/noticia\/pocone245anos\/","title":{"rendered":"POCONE &#8211; 245 ANOS"},"content":{"rendered":"<ul>\n<li>\n<h6><span style=\"font-size: 300%;\">Hist\u00f3ria do Munic\u00edpio de Pocon\u00e9-MT 245 Anos<\/span><\/h6>\n<\/li>\n<li><span style=\"font-size: x-large;\">A Cidade foi fundada por Luiz de Albuquerque de Melo Pereira e C\u00e1ceres<\/span><\/li>\n<li><span style=\"font-size: x-large;\">Em 21 de janeiro de 1871.<\/span><\/li>\n<\/ul>\n<p align=\"justify\"><span style=\"font-size: x-large;\">Apesar da precariedade de comunica\u00e7\u00e3o da \u00e9poca, a abund\u00e2ncia de ouro atraiu muita gente a regi\u00e3o. As descobertas das lavra de Ana Vaz, Tanque do Padre, Tanque do Arinos, Lavra do Meio, Tereza Botas e outras provocou desenfreada corrida ao ouro vil.<\/span><\/p>\n<p align=\"justify\"><span style=\"font-size: x-large;\">A ida as minas de ouro deu-se t\u00e3o logo se espalharam as noticias sobre a quantidade do ouro encontrado. Apesar das dificuldades inerentes \u00e0 \u00e9poca, n\u00e3o surgiram impedimentos para o crescimento populacional, que contribuiu para a modifica\u00e7\u00e3o do espa\u00e7o de povoado e a sua eleva\u00e7\u00e3o \u00e0 categoria de arraial, em 21 de janeiro de 1871, com a denomina\u00e7\u00e3o de S\u00e3o Pedro d\u2019El Rey, em homenagem a Dom Pedro III, rei de Portugal.<\/span><\/p>\n<p align=\"justify\"><span style=\"font-size: x-large;\">A n\u00e3o perman\u00eancia do termo &#8220;Beripocon\u00e9&#8221;, que era refer\u00eancia ao antigo povo ind\u00edgena que vivia na regi\u00e3o, se deve ao fato, obviamente contrariava a hierarquia da realeza e o poder pol\u00edtico-econ\u00f4mico-social, enquanto metr\u00f3pole.<\/span><\/p>\n<h3>Em decorr\u00eancia do esgotamento do ouro aluvial, a popula\u00e7\u00e3o garimpeira inicio o processo de abandono do povoado, indo fazer o que bem sabiam em outras regi\u00f5es. Permaneceu o povo que dedicou-se \u00e0 agricultura e pecu\u00e1ria, que, por sua vez, propiciou um povoamento mais sedent\u00e1rio e evidentemente um novo surto econ\u00f4mico, importante para o arraial, apesar de sua singularidade para a casta portuguesa, pois visava o abastecimento do mercado interno e, por conseguinte, os lucros provenientes de suas negocia\u00e7\u00f5es permanecia no lugar. Por isso, \u00e9 prov\u00e1vel que pouco tenha sido o empenho da autoridades lusas em seu desenvolvimento.<\/h3>\n<p>Atrav\u00e9s de Resolu\u00e7\u00e3o R\u00e9gia, de 9 de agosto de 1811, o arraial de S\u00e3o Pedro d\u2019EL Rey, foi elevado a categoria de distrito, como territ\u00f3rio jurisdicionado ao munic\u00edpio de Cuiab\u00e1.<\/p>\n<p>O Decreto-Lei Provincial, de 25 de outubro de 1831, crio o munic\u00edpio de Pocon\u00e9. Era portanto, o quarto munic\u00edpio criado na prov\u00edncia de Mato Grosso, tendo seu territ\u00f3rio desmembrado do munic\u00edpio de Cuiab\u00e1. Porem permaneceu pertencendo a comarca cuiabana at\u00e9 1840. Em 01 de junho de 1863, atrav\u00e9s da Lei Provincial n\u00ba01, Pocon\u00e9 recebeu foros de cidade.<\/p>\n<p><span style=\"font-size: x-large;\">\u00c0 medida que a pecu\u00e1ria poconeana foi sendo desenvolvida, o munic\u00edpio passou a ocupar<\/span><span style=\"font-size: x-large;\">\u00a0<\/span><span style=\"font-size: x-large;\">posi\u00e7\u00e3o de destaque no Estado, tornando-se um dos principais centro produtores de gado de Mato Grosso. Esta seq\u00fc\u00eancia econ\u00f4mica teve seu ritmo interrompido por dois motivos: Guerra do Paraguai e epidemia de var\u00edola, que grassou no munic\u00edpio.<\/span><\/p>\n<p align=\"justify\"><span style=\"font-size: x-large;\">Durante o per\u00edodo da Guerra do Paraguai, o munic\u00edpio de Pocon\u00e9, famoso por abrigar um dos maiores rebanhos bovino de Mato Grosso, prestou um grande servi\u00e7o a na\u00e7\u00e3o: forneceu gado e cavalos para o abastecimento das tropas do exercito brasileiro. Esse fato permitiu que o nome de Pocon\u00e9 fosse sin\u00f4nimo de gente patri\u00f3tica e de espirito nacionalista.<\/span><\/p>\n<p align=\"justify\"><span style=\"font-size: x-large;\">O gado era vacum e o cavalo, o famoso &#8220;Pantaneiro&#8221;, que no passado serviu de montaria para \u00edndios Kadiw\u00e9s, remanescentes dos guaicurus, c\u00e9lebres cavaleiros. A maioria absoluta de eq\u00fcinos que assimilaram o ecossistema pantaneiro, veio da regi\u00e3o espanhola de Andaluzia, trazidos por castelhanos, nos por\u00f5es de navios, para servir em terras do Novo Mundo pertencentes ao Reino de Castela, em meados do s\u00e9culo XVI.<\/span><\/p>\n<p align=\"justify\"><span style=\"font-size: x-large;\">Apesar da demonstra\u00e7\u00e3o de apego \u00e0s causas nacionais, n\u00e3o foi somente como centro abastecedor de bovinos e eq\u00fcinos que Pocon\u00e9 ficou conhecido neste per\u00edodo de movimenta\u00e7\u00e3o b\u00e9lica fronteiri\u00e7a.<\/span><\/p>\n<p align=\"justify\"><span style=\"font-size: x-large;\">O tenente Ant\u00f4nio Jo\u00e3o Ribeiro, um dos principais her\u00f3is da Guerra do Paraguai, nasceu em Pocon\u00e9, no dia 24 de novembro de 1820.<\/span><\/p>\n<p align=\"justify\"><span style=\"font-size: x-large;\">O tenente Ant\u00f4nio Jo\u00e3o \u2013 como ficou conhecido \u2013 morreu defendendo sua p\u00e1tria em uma trincheira no atual munic\u00edpio de Dourados, no Estado de Mato Grosso do Sul, na \u00e9poca pertencente a prov\u00edncia de Mato Grosso.<\/span><\/p>\n<p align=\"justify\"><span style=\"font-size: x-large;\">Este bravo militar, s\u00edmbolo da bravura do exercito brasileiro e mato-grossense, comandava a col\u00f4nia militar de Dourados, no per\u00edodo em que a prov\u00edncia foi invadida por tropas paraguaias. Ele e mais onze companheiros resistiram bravamente aos homens comandados pelo major Martins Urbieta _- do Paraguai.<\/span><\/p>\n<p align=\"justify\"><span style=\"font-size: x-large;\">Ficaram registradas nos anais da hist\u00f3ria as \u00faltimas palavras do bravo her\u00f3i como &#8220;&#8230;Sei que morro, mas meu sangue e dos meus companheiro servir\u00e3o de protesto solene contra a invas\u00e3o do solo de minha P\u00e1tria.&#8221; Em sua homenagem foi erguida na pra\u00e7a Vermelha, na cidade do Rio de Janeiro, comemorativo ao seu ato her\u00f3ico.<\/span><\/p>\n<p align=\"justify\"><span style=\"font-size: x-large;\">Antes do advento da Rep\u00fablica, a vida poconeana passava por um per\u00edodo de calma sem maiores transtornos, porem este quadro de tranq\u00fcilidade mudou no ano de 1889, quando da proclama\u00e7\u00e3o da Republica, os conflitos pol\u00edticos, entre monarquistas e republicanos abalaram a sociedade poconeana de cunho eminentemente patriarcal. Ap\u00f3s a consolida\u00e7\u00e3o da Republica, que foi respons\u00e1vel pela solu\u00e7\u00e3o dos impasses criados pelas contradi\u00e7\u00f5es entre os poderes executivo e legislativo, resultou o predom\u00ednio em tr\u00eas esferas do poder executivo; federal, estadual, municipal, em virtude da disputa pelas oligarquias locais. A partir da\u00ed Pocon\u00e9 voltou ao seu processo normal de desenvolvimento, conseguindo reconquistar seu prestigio bi-secular.<\/span><\/p>\n<p align=\"justify\"><span style=\"font-size: x-large;\">Na d\u00e9cada de 1930, Pocon\u00e9 mas uma vez destaca-se no cen\u00e1rio pol\u00edtico-social-religioso, pela luta do poder entre os constituicionalistas, que formavam o grupo de oposi\u00e7\u00e3o e os aliancistas, os da situa\u00e7\u00e3o.<\/span><\/p>\n<p align=\"justify\"><span style=\"font-size: x-large;\">Esse tipo de conflito evidenciou-se no arraial do &#8220;<a href=\"http:\/\/members.tripod.com\/pocone\/#docae\">Tanque Novo<\/a>&#8220;, no territ\u00f3rio do munic\u00edpio de Pocon\u00e9. Esse lugar foi invadido por for\u00e7as policiais no ano de 1933, a mando de pol\u00edticos influentes, pois o governo provis\u00f3rio de Get\u00falio Vargas n\u00e3o permitia qualquer foco ou reduto organizado que n\u00e3o apoiasse, e o Tanque Novo, sob lideran\u00e7a de Doninha, de cunho religioso do que pol\u00edtico, reunia em torno de si seus devotos, que tamb\u00e9m era membros de seu partido (Constitucionalistas), garantido nas elei\u00e7\u00f5es de 1933, a vitoria da oposi\u00e7\u00e3o, articulada pelos antigos governistas, que investiram no arraial, para sim usa-lo eleitoralmente.<\/span><\/p>\n<p align=\"justify\"><span style=\"font-size: x-large;\">Esse apoio pol\u00edtico determinou a for\u00e7a repressiva que destrui o movimento em torno de Doninha, aniquilando assim o &#8220;perigo pol\u00edtico&#8221; da oposi\u00e7\u00e3o e garantindo, enfim, a supremacia da situa\u00e7\u00e3o no munic\u00edpio.<\/span><\/p>\n<p align=\"justify\"><span style=\"font-size: x-large;\">Nos anos que surgiram, ap\u00f3s a consolida\u00e7\u00e3o da Rep\u00fablica, o munic\u00edpio teve um total de 12 Intendentes. A partir de 1946, administra\u00e7\u00e3o municipal passou a contar com o cargo de prefeito, vice-prefeito e C\u00e2mara municipal de Vereadores.<\/span><\/p>\n<p align=\"justify\"><span style=\"font-size: x-large;\">\u00c9 not\u00f3ria a voca\u00e7\u00e3o ao turismo ecol\u00f3gico, que pulsa forte no seio do territ\u00f3rio poconeano. Uma das principais vias de acesso ao Pantanal \u00e9 a rodovia Trasnpantaneira, com extens\u00e3o de 143,3 Km, indo at\u00e9 a localidade de Porto Jofre.<\/span><\/p>\n<p align=\"justify\"><span style=\"font-size: x-large;\">Esta via, a MT-060, foi idealizada como representa\u00e7\u00e3o de progresso e expans\u00e3o do Estado de Mato Grosso. O objetivo era transformar Pocon\u00e9 num centro irradiador de economia, j\u00e1 que o projeto inicial da rodovia previa sua extens\u00e3o at\u00e9 o munic\u00edpio de Corumb\u00e1, no Estado do Mato Grosso do Sul, permitindo escoamento de safras de todo estado matogrossense, possibilitando o transporte fluvial, via Rio Paraguai.<\/span><\/p>\n<p align=\"justify\"><span style=\"font-size: x-large;\">No entanto registros hist\u00f3rico nos d\u00e3o conta de que tudo n\u00e3o passou de um engodo. O projeto de constru\u00e7\u00e3o da rodovia Transpantaneira foi realizado sem crit\u00e9rio t\u00e9cnico-cientifico adequado, pois, ao cortar o meio o Pantanal, se verificaria um preju\u00edzo incalcul\u00e1vel ao ecossistema regional e ao homem pantaneiro. A falta explicita de crit\u00e9rios traduz o imediatismo dos projetos vinculados ao PRODEPAN, na d\u00e9cada de 1970.<\/span><\/p>\n<p align=\"justify\"><span style=\"font-size: x-large;\">Outras situa\u00e7\u00f5es preocupante para os ecologistas, no territ\u00f3rio do munic\u00edpio de Pocon\u00e9 \u00e9 a retomada da minera\u00e7\u00e3o do ouro. A redescoberta de ricos veios aur\u00edferos no final da d\u00e9cada de 1980, fez ressurgir a efervesc\u00eancia garimpeira do tempo em que surgiu Beripocon\u00e9, no s\u00e9culo XVIII.<\/span><\/p>\n<p align=\"justify\"><span style=\"font-size: x-large;\">Neste contexto, muitas gente passou a buscar na garimpagem do ouro um meio de sobreviv\u00eancia, objetivando melhores condi\u00e7\u00f5es de vida.<\/span><\/p>\n<p align=\"justify\"><span style=\"font-size: x-large;\">Mobilizaram nesta lida os pe\u00f5es e vaqueiros, que deixaram o trabalho no campo pela aventura garimpeira, sem contar empres\u00e1rios e fazendeiros que passaram a capitalizar mais significativos na produ\u00e7\u00e3o aur\u00edfera.<\/span><\/p>\n<p align=\"justify\"><span style=\"font-size: x-large;\">O poconeano \u00e9 povo de cultura secularmente suas tradi\u00e7\u00f5es. O cuidado em conservar as caracter\u00edsticas originais das festas, as dan\u00e7a, as comidas t\u00edpicas, enfim, das tradi\u00e7\u00f5es que encantam no conjunto de maravilhas culturais do munic\u00edpio, s\u00e3o predicados t\u00edpicos desse povo pantaneiro.<\/span><\/p>\n<p align=\"justify\"><span style=\"font-size: x-large;\">As manifesta\u00e7\u00f5es folcl\u00f3ricas n\u00e3o ocorrem somente durante as festas de S\u00e3o Benedito e de Nossa Senhora do Ros\u00e1rio \u2013 padroeira da cidade. Tamb\u00e9m s\u00e3o apresentadas num gesto cativo as pessoas que escolhem o munic\u00edpio para as suas viagens tur\u00edsticas.<\/span><\/p>\n<p align=\"justify\"><span style=\"font-size: x-large;\">As comemora\u00e7\u00f5es dos festejos folcl\u00f3rico s\u00e3o realizados com missa, churrascos, bailes, dan\u00e7as, comidas t\u00edpicas e quermesses. Como parte do folclore s\u00e3o cultivado as dan\u00e7as do cururu, siriri, dos mascarado e cavalhada. Como podemos perceber, o munic\u00edpio de Pocon\u00e9 \u00e9 rico pela grandeza cultural, destacando-se ainda os ramos da tecelagem, urubamba, madeira, couro e chifre, croch\u00ea e tric\u00f4, doces, vinhos e musica.<\/span><\/p>\n<p align=\"justify\">A Equipe da fam\u00edlia do &#8220;Banco de Informa\u00e7\u00f5es e Dados DIB&#8221; agradecem sua visita, volte sempre!<\/p>\n","protected":false},"excerpt":{"rendered":"<p>Hist\u00f3ria do Munic\u00edpio de Pocon\u00e9-MT 245 Anos A Cidade foi fundada por Luiz de Albuquerque de Melo Pereira e C\u00e1ceres Em 21 de janeiro de 1871. Apesar da precariedade de comunica\u00e7\u00e3o da \u00e9poca, a abund\u00e2ncia de ouro atraiu muita gente a regi\u00e3o. As descobertas das lavra de Ana Vaz, Tanque do Padre, Tanque do Arinos, [&hellip;]<\/p>\n","protected":false},"author":1,"featured_media":1653,"comment_status":"open","ping_status":"open","sticky":false,"template":"","format":"standard","meta":{"footnotes":""},"categories":[367,370,5,4],"tags":[],"class_list":["post-1605","post","type-post","status-publish","format-standard","has-post-thumbnail","hentry","category-colunista","category-historia","category-pocone","category-ultimas-noticias"],"_links":{"self":[{"href":"https:\/\/poconevip.com.br\/noticia\/wp-json\/wp\/v2\/posts\/1605","targetHints":{"allow":["GET"]}}],"collection":[{"href":"https:\/\/poconevip.com.br\/noticia\/wp-json\/wp\/v2\/posts"}],"about":[{"href":"https:\/\/poconevip.com.br\/noticia\/wp-json\/wp\/v2\/types\/post"}],"author":[{"embeddable":true,"href":"https:\/\/poconevip.com.br\/noticia\/wp-json\/wp\/v2\/users\/1"}],"replies":[{"embeddable":true,"href":"https:\/\/poconevip.com.br\/noticia\/wp-json\/wp\/v2\/comments?post=1605"}],"version-history":[{"count":9,"href":"https:\/\/poconevip.com.br\/noticia\/wp-json\/wp\/v2\/posts\/1605\/revisions"}],"predecessor-version":[{"id":1652,"href":"https:\/\/poconevip.com.br\/noticia\/wp-json\/wp\/v2\/posts\/1605\/revisions\/1652"}],"wp:featuredmedia":[{"embeddable":true,"href":"https:\/\/poconevip.com.br\/noticia\/wp-json\/wp\/v2\/media\/1653"}],"wp:attachment":[{"href":"https:\/\/poconevip.com.br\/noticia\/wp-json\/wp\/v2\/media?parent=1605"}],"wp:term":[{"taxonomy":"category","embeddable":true,"href":"https:\/\/poconevip.com.br\/noticia\/wp-json\/wp\/v2\/categories?post=1605"},{"taxonomy":"post_tag","embeddable":true,"href":"https:\/\/poconevip.com.br\/noticia\/wp-json\/wp\/v2\/tags?post=1605"}],"curies":[{"name":"wp","href":"https:\/\/api.w.org\/{rel}","templated":true}]}}