{"id":287,"date":"2025-04-10T02:25:10","date_gmt":"2025-04-10T02:25:10","guid":{"rendered":"https:\/\/demo.morusi.com\/noticias05\/rio-amplia-vacina-da-dengue-para-jovens-de-19-e-20-anos-09-04-2025-equilibrio-e-saude\/"},"modified":"2026-03-06T21:19:39","modified_gmt":"2026-03-06T21:19:39","slug":"rio-amplia-vacina-da-dengue-para-jovens-de-19-e-20-anos-09-04-2025-equilibrio-e-saude","status":"publish","type":"post","link":"https:\/\/poconevip.com.br\/noticia\/rio-amplia-vacina-da-dengue-para-jovens-de-19-e-20-anos-09-04-2025-equilibrio-e-saude\/","title":{"rendered":"Rio amplia vacina da dengue para jovens de 19 e 20 anos"},"content":{"rendered":"<p>&nbsp;<\/p>\n<div data-news-content-text=\"\" data-disable-copy=\"\" data-continue-reading=\"\" data-continue-reading-hide-others=\".js-continue-reading-hidden\" data-age-rating=\"\">\n<p>A cidade do <a href=\"https:\/\/www1.folha.uol.com.br\/folha-topicos\/rio-de-janeiro\/\">Rio de Janeiro<\/a> come\u00e7ou a vacinar contra a <a href=\"https:\/\/www1.folha.uol.com.br\/folha-topicos\/dengue\/\">dengue<\/a> jovens de 19 e 20 anos a partir desta quarta-feira (10). A amplia\u00e7\u00e3o da faixa et\u00e1ria vale at\u00e9 o dia 18 de abril ou enquanto durarem as doses dispon\u00edveis \u2014 ao todo, 26 mil vacinas foram liberadas pela prefeitura para esse p\u00fablico. Crian\u00e7as e adolescentes de 10 a 18 anos seguem contemplados pela campanha.<\/p>\n<p>&#8220;Somente 26 mil doses foram disponibilizadas para essa aplica\u00e7\u00e3o. Ent\u00e3o, as pessoas que chegarem primeiro v\u00e3o conseguir tomar a vacina. Os estoques est\u00e3o no final, e, por isso, a gente recomenda que as pessoas procurem as unidades o quanto antes para se vacinar&#8221;, afirmou o secret\u00e1rio municipal de <a href=\"https:\/\/www1.folha.uol.com.br\/folha-topicos\/saude\/\">Sa\u00fade<\/a>, Daniel Soranz.<\/p>\n<div>\n<div class=\"c-newsletter rs_skip rs_preserve\" data-newsletter-simple=\"\" data-subscript=\"6927\" data-message=\".js-message\" data-button=\".js-button\" data-email=\".js-email\"><\/div>\n<\/div>\n<p>&nbsp;<\/p>\n<\/div>\n<p><a href=\"https:\/\/redir.folha.com.br\/redir\/online\/equilibrioesaude\/rss091\/*https:\/\/www1.folha.uol.com.br\/equilibrioesaude\/2025\/04\/rio-amplia-vacinacao-contra-dengue-para-jovens-de-19-e-20-anos.shtml\">Fonte<\/a><\/p>\n","protected":false},"excerpt":{"rendered":"<p>&nbsp; A cidade do Rio de Janeiro come\u00e7ou a vacinar contra a dengue jovens de 19 e 20 anos a partir desta quarta-feira (10). A amplia\u00e7\u00e3o da faixa et\u00e1ria vale at\u00e9 o dia 18 de abril ou enquanto durarem as doses dispon\u00edveis \u2014 ao todo, 26 mil vacinas foram liberadas pela prefeitura para esse p\u00fablico. [&hellip;]<\/p>\n","protected":false},"author":1,"featured_media":288,"comment_status":"open","ping_status":"open","sticky":false,"template":"","format":"standard","meta":{"footnotes":""},"categories":[13,8,4],"tags":[262,266,264,252,265,19,261,267,263],"class_list":["post-287","post","type-post","status-publish","format-standard","has-post-thumbnail","hentry","category-educacao","category-saude","category-ultimas-noticias","tag-amplia","tag-anos","tag-dengue","tag-equilibrio","tag-jovens","tag-para","tag-rio","tag-saude","tag-vacina"],"_links":{"self":[{"href":"https:\/\/poconevip.com.br\/noticia\/wp-json\/wp\/v2\/posts\/287","targetHints":{"allow":["GET"]}}],"collection":[{"href":"https:\/\/poconevip.com.br\/noticia\/wp-json\/wp\/v2\/posts"}],"about":[{"href":"https:\/\/poconevip.com.br\/noticia\/wp-json\/wp\/v2\/types\/post"}],"author":[{"embeddable":true,"href":"https:\/\/poconevip.com.br\/noticia\/wp-json\/wp\/v2\/users\/1"}],"replies":[{"embeddable":true,"href":"https:\/\/poconevip.com.br\/noticia\/wp-json\/wp\/v2\/comments?post=287"}],"version-history":[{"count":2,"href":"https:\/\/poconevip.com.br\/noticia\/wp-json\/wp\/v2\/posts\/287\/revisions"}],"predecessor-version":[{"id":1908,"href":"https:\/\/poconevip.com.br\/noticia\/wp-json\/wp\/v2\/posts\/287\/revisions\/1908"}],"wp:featuredmedia":[{"embeddable":true,"href":"https:\/\/poconevip.com.br\/noticia\/wp-json\/wp\/v2\/media\/288"}],"wp:attachment":[{"href":"https:\/\/poconevip.com.br\/noticia\/wp-json\/wp\/v2\/media?parent=287"}],"wp:term":[{"taxonomy":"category","embeddable":true,"href":"https:\/\/poconevip.com.br\/noticia\/wp-json\/wp\/v2\/categories?post=287"},{"taxonomy":"post_tag","embeddable":true,"href":"https:\/\/poconevip.com.br\/noticia\/wp-json\/wp\/v2\/tags?post=287"}],"curies":[{"name":"wp","href":"https:\/\/api.w.org\/{rel}","templated":true}]}}